{"id":291,"date":"2018-11-10T23:24:16","date_gmt":"2018-11-10T22:24:16","guid":{"rendered":"http:\/\/ens-info.irem.univ-mrs.fr\/?p=291"},"modified":"2019-01-11T10:34:40","modified_gmt":"2019-01-11T09:34:40","slug":"linformatique-dans-les-nouveaux-programmes-de-lycee","status":"publish","type":"post","link":"https:\/\/ens-info.irem.univ-mrs.fr\/?p=291","title":{"rendered":"L&rsquo;informatique dans les nouveaux programmes de lyc\u00e9e"},"content":{"rendered":"<h3>Classe de seconde<\/h3>\n<ul>\n<li>L&rsquo;organisation de la seconde g\u00e9n\u00e9rale \u00e0 partir de septembre 2019\u00a0est consultable dans le <a href=\"https:\/\/ens-info.irem.univ-mrs.fr\/wp-content\/uploads\/Horaires_classe_de_seconde_generale_et_technologique.pdf\" target=\"_blank\" rel=\"noopener noreferrer\">document suivant<\/a>.<\/li>\n<li>L<strong>&lsquo;informatique<\/strong> y est pr\u00e9sente dans l&rsquo;enseignement de <strong>SNT<\/strong> \u00ab Sciences Num\u00e9riques et Technologie \u00bb. Il s&rsquo;agit d&rsquo;un enseignement de 1h30 hebdomadaire faisant partie du tronc commun.<\/li>\n<li>Le (projet de) programme de <strong>SNT\u00a0<\/strong>est <a href=\"https:\/\/ens-info.irem.univ-mrs.fr\/wp-content\/uploads\/Projet_de_programme_de_SNT_pour_la_classe_de_seconde.pdf\" target=\"_blank\" rel=\"noopener noreferrer\">consultable ici<\/a>.<\/li>\n<\/ul>\n<h3>Classes de premi\u00e8re et terminale<\/h3>\n<ul>\n<li>L&rsquo;organisation des classes de premi\u00e8re et terminale des voies g\u00e9n\u00e9rale et technologique (mise en \u0153uvre en 2019 pour la classe de premi\u00e8re et en 2020 pour la classe de terminale) est consultable dans le <a href=\"https:\/\/ens-info.irem.univ-mrs.fr\/wp-content\/uploads\/Horaires_des_classes_de_premiere_et_terminale_pour_les_voies_generale_et_technologique.pdf\" target=\"_blank\" rel=\"noopener noreferrer\">document suivant<\/a>.<\/li>\n<li>L&rsquo;<strong>informatique<\/strong> y est pr\u00e9sente dans l&rsquo;enseignement de <strong>NSI\u00a0<\/strong>\u00ab Num\u00e9rique et Sciences Informatiques \u00bb en ce qui concerne la voie g\u00e9n\u00e9rale. Il s&rsquo;agit d&rsquo;un enseignement de sp\u00e9cialit\u00e9 dont le volume horaire hebdomadaire est de 4h en classe de premi\u00e8re et de 6h en classe de terminale.<\/li>\n<li>Le (projet de) programme de <strong>NSI<\/strong> pour la classe de premi\u00e8re (voie g\u00e9n\u00e9rale) est <a href=\"https:\/\/ens-info.irem.univ-mrs.fr\/wp-content\/uploads\/Projet_de_programme_de_NSI_pour_la_classe_de_premiere_pour_la_voie_generale.pdf\" target=\"_blank\" rel=\"noopener noreferrer\">consultable ici<\/a>.<\/li>\n<\/ul>\n","protected":false},"excerpt":{"rendered":"<p>Classe de seconde L&rsquo;organisation de la seconde g\u00e9n\u00e9rale \u00e0 partir de septembre 2019\u00a0est consultable dans le document suivant. L&lsquo;informatique y est pr\u00e9sente dans l&rsquo;enseignement de SNT \u00ab Sciences Num\u00e9riques et Technologie \u00bb. Il s&rsquo;agit d&rsquo;un enseignement de 1h30 hebdomadaire faisant partie du tronc commun. Le (projet de) programme de SNT\u00a0est consultable ici. Classes de premi\u00e8re&hellip;&nbsp;<a href=\"https:\/\/ens-info.irem.univ-mrs.fr\/?p=291\" rel=\"bookmark\">Lire la suite &raquo;<span class=\"screen-reader-text\">L&rsquo;informatique dans les nouveaux programmes de lyc\u00e9e<\/span><\/a><\/p>\n","protected":false},"author":12,"featured_media":0,"comment_status":"closed","ping_status":"open","sticky":false,"template":"","format":"standard","meta":{"neve_meta_sidebar":"","neve_meta_container":"","neve_meta_enable_content_width":"","neve_meta_content_width":0,"neve_meta_title_alignment":"","neve_meta_author_avatar":"","neve_post_elements_order":"","neve_meta_disable_header":"","neve_meta_disable_footer":"","neve_meta_disable_title":""},"categories":[18,28,29],"tags":[],"_links":{"self":[{"href":"https:\/\/ens-info.irem.univ-mrs.fr\/index.php?rest_route=\/wp\/v2\/posts\/291"}],"collection":[{"href":"https:\/\/ens-info.irem.univ-mrs.fr\/index.php?rest_route=\/wp\/v2\/posts"}],"about":[{"href":"https:\/\/ens-info.irem.univ-mrs.fr\/index.php?rest_route=\/wp\/v2\/types\/post"}],"author":[{"embeddable":true,"href":"https:\/\/ens-info.irem.univ-mrs.fr\/index.php?rest_route=\/wp\/v2\/users\/12"}],"replies":[{"embeddable":true,"href":"https:\/\/ens-info.irem.univ-mrs.fr\/index.php?rest_route=%2Fwp%2Fv2%2Fcomments&post=291"}],"version-history":[{"count":8,"href":"https:\/\/ens-info.irem.univ-mrs.fr\/index.php?rest_route=\/wp\/v2\/posts\/291\/revisions"}],"predecessor-version":[{"id":304,"href":"https:\/\/ens-info.irem.univ-mrs.fr\/index.php?rest_route=\/wp\/v2\/posts\/291\/revisions\/304"}],"wp:attachment":[{"href":"https:\/\/ens-info.irem.univ-mrs.fr\/index.php?rest_route=%2Fwp%2Fv2%2Fmedia&parent=291"}],"wp:term":[{"taxonomy":"category","embeddable":true,"href":"https:\/\/ens-info.irem.univ-mrs.fr\/index.php?rest_route=%2Fwp%2Fv2%2Fcategories&post=291"},{"taxonomy":"post_tag","embeddable":true,"href":"https:\/\/ens-info.irem.univ-mrs.fr\/index.php?rest_route=%2Fwp%2Fv2%2Ftags&post=291"}],"curies":[{"name":"wp","href":"https:\/\/api.w.org\/{rel}","templated":true}]}}