{"id":462,"date":"2023-10-04T17:53:24","date_gmt":"2023-10-04T16:53:24","guid":{"rendered":"https:\/\/ens-info.irem.univ-mrs.fr\/?p=462"},"modified":"2025-06-25T14:54:01","modified_gmt":"2025-06-25T13:54:01","slug":"7e-journee-academique-de-lenseignement-de-linformatique","status":"publish","type":"post","link":"https:\/\/ens-info.irem.univ-mrs.fr\/?p=462","title":{"rendered":"7e journ\u00e9e acad\u00e9mique de l&rsquo;enseignement de l&rsquo;informatique"},"content":{"rendered":"\n<p>Le groupe Enseignement de l\u2019informatique de l&rsquo;IREM d\u2019Aix-Marseille Universit\u00e9 a organis\u00e9, le <strong>lundi 17 mai 2023<\/strong>, la <a href=\"https:\/\/journee-info-marseille.lis-lab.fr\/7eme-journee-academique-sur-lenseignement-de-linformatique\/\">septi\u00e8me journ\u00e9e acad\u00e9mique sur l\u2019enseignement de l\u2019informatique<\/a>.<\/p>\n\n\n\n<p><\/p>\n\n\n\n<p>La journ\u00e9e \u00e9tait structur\u00e9e en deux temps forts :<\/p>\n\n\n\n<ul>\n<li>le matin, une conf\u00e9rence de Pascal Lafourcade, ayant pour th\u00e8me la s\u00e9curit\u00e9 et la blockchain ;<\/li>\n\n\n\n<li>l\u2019apr\u00e8s-midi, des ateliers sur divers aspects de l\u2019enseignement de l\u2019informatique.<\/li>\n<\/ul>\n\n\n\n<p>Le programme complet et les diaporamas de la conf\u00e9rence et des ateliers sont \u00e0 retrouver sur <a href=\"https:\/\/journee-info-marseille.lis-lab.fr\/#:~:text=Le%20groupe%20Enseignement%20de%20l,campus%20de%20Luminy%20%C3%A0%20Marseille\">le <\/a><a href=\"https:\/\/journee-info-marseille.lis-lab.fr\/7eme-journee-academique-sur-lenseignement-de-linformatique\/\">site de la journ\u00e9e<\/a>.<\/p>\n","protected":false},"excerpt":{"rendered":"<p>Le groupe Enseignement de l\u2019informatique de l&rsquo;IREM d\u2019Aix-Marseille Universit\u00e9 a organis\u00e9, le lundi 17 mai 2023, la septi\u00e8me journ\u00e9e acad\u00e9mique sur l\u2019enseignement de l\u2019informatique. La journ\u00e9e \u00e9tait structur\u00e9e en deux temps forts : Le programme complet et les diaporamas de la conf\u00e9rence et des ateliers sont \u00e0 retrouver sur le site de la journ\u00e9e.<\/p>\n","protected":false},"author":1,"featured_media":0,"comment_status":"closed","ping_status":"open","sticky":false,"template":"","format":"standard","meta":{"neve_meta_sidebar":"","neve_meta_container":"","neve_meta_enable_content_width":"","neve_meta_content_width":0,"neve_meta_title_alignment":"","neve_meta_author_avatar":"","neve_post_elements_order":"[\"title\",\"meta\",\"thumbnail\",\"content\",\"tags\",\"comments\",\"post-navigation\"]","neve_meta_disable_header":"","neve_meta_disable_footer":"","neve_meta_disable_title":""},"categories":[19,35,18,28,29,16],"tags":[32,31],"_links":{"self":[{"href":"https:\/\/ens-info.irem.univ-mrs.fr\/index.php?rest_route=\/wp\/v2\/posts\/462"}],"collection":[{"href":"https:\/\/ens-info.irem.univ-mrs.fr\/index.php?rest_route=\/wp\/v2\/posts"}],"about":[{"href":"https:\/\/ens-info.irem.univ-mrs.fr\/index.php?rest_route=\/wp\/v2\/types\/post"}],"author":[{"embeddable":true,"href":"https:\/\/ens-info.irem.univ-mrs.fr\/index.php?rest_route=\/wp\/v2\/users\/1"}],"replies":[{"embeddable":true,"href":"https:\/\/ens-info.irem.univ-mrs.fr\/index.php?rest_route=%2Fwp%2Fv2%2Fcomments&post=462"}],"version-history":[{"count":5,"href":"https:\/\/ens-info.irem.univ-mrs.fr\/index.php?rest_route=\/wp\/v2\/posts\/462\/revisions"}],"predecessor-version":[{"id":557,"href":"https:\/\/ens-info.irem.univ-mrs.fr\/index.php?rest_route=\/wp\/v2\/posts\/462\/revisions\/557"}],"wp:attachment":[{"href":"https:\/\/ens-info.irem.univ-mrs.fr\/index.php?rest_route=%2Fwp%2Fv2%2Fmedia&parent=462"}],"wp:term":[{"taxonomy":"category","embeddable":true,"href":"https:\/\/ens-info.irem.univ-mrs.fr\/index.php?rest_route=%2Fwp%2Fv2%2Fcategories&post=462"},{"taxonomy":"post_tag","embeddable":true,"href":"https:\/\/ens-info.irem.univ-mrs.fr\/index.php?rest_route=%2Fwp%2Fv2%2Ftags&post=462"}],"curies":[{"name":"wp","href":"https:\/\/api.w.org\/{rel}","templated":true}]}}